{"id":2104,"date":"2018-12-12T10:14:31","date_gmt":"2018-12-12T10:14:31","guid":{"rendered":"http:\/\/bip.bpsieradz.pl\/index.php\/2018\/12\/12\/ksiazka-obrazkowa-ksiazka-mowiaca-obrazem\/"},"modified":"2025-08-29T10:46:12","modified_gmt":"2025-08-29T10:46:12","slug":"ksiazka-obrazkowa-ksiazka-mowiaca-obrazem","status":"publish","type":"post","link":"https:\/\/filiapoddebice.bpsieradz.pl\/index.php\/2018\/12\/12\/ksiazka-obrazkowa-ksiazka-mowiaca-obrazem\/","title":{"rendered":"Ksi\u0105\u017cka obrazkowa \u2013 ksi\u0105\u017cka \u201em\u00f3wi\u0105ca\u201d obrazem"},"content":{"rendered":"\n<p class=\"has-text-align-left\"><span style=\"font-size: 12pt;\">W \u015brod\u0119 11 grudnia odby\u0142y si\u0119 w naszej bibliotece konsultacje zbiorowe w ramach sieci wsp\u00f3\u0142pracy i samokszta\u0142cenia nauczycieli bibliotekarzy nt. &#8222;Ksi\u0105\u017cka obrazkowa &#8211; ksi\u0105\u017cka &#8222;m\u00f3wi\u0105ca&#8221; obrazem&#8221;. Spotkanie by\u0142o otwarte r\u00f3wnie\u017c dla innych zainteresowanych nauczycieli. Pod kierunkiem prowadz\u0105cej &#8211; pani Wies\u0142awy Chlebowskej z Wojew\u00f3dzkiego O\u015brodka Doskonalenia Nauczycieli w Sieradzu odkrywa\u0142y\u015bmy nie tylko walory artystyczne i interpretacyjne ksi\u0105\u017cki obrazkowej, ale r\u00f3wnie\u017c zastanawia\u0142y\u015bmy si\u0119 nad mo\u017cliwo\u015bciami jakie ona daje w zakresie rozwoju emocjonalnego i intelektualnego dzieci i m\u0142odzie\u017cy. Dzi\u0119kujemy wszystkim za spotkanie.<br>Ksi\u0105\u017cki obrazkowe zakupione w ramach Narodowego Programu Rozwoju Czytelnictwa s\u0105 dost\u0119pne w naszych zbiorach.<\/span> \u00a0<\/p>\n\n\n\n<p class=\"has-text-align-left\"><\/p>\n\n\n\nngg_shortcode_0_placeholder\n","protected":false},"excerpt":{"rendered":"<p>W \u015brod\u0119 11 grudnia odby\u0142y si\u0119 w naszej bibliotece konsultacje zbiorowe w ramach sieci wsp\u00f3\u0142pracy i samokszta\u0142cenia nauczycieli bibliotekarzy nt. &#8222;Ksi\u0105\u017cka obrazkowa &#8211; ksi\u0105\u017cka &#8222;m\u00f3wi\u0105ca&#8221; obrazem&#8221;. Spotkanie by\u0142o otwarte r\u00f3wnie\u017c &#8230;<\/p>\n","protected":false},"author":1,"featured_media":2101,"comment_status":"closed","ping_status":"open","sticky":true,"template":"","format":"standard","meta":{"om_disable_all_campaigns":false,"_monsterinsights_skip_tracking":false,"ngg_post_thumbnail":0,"footnotes":""},"categories":[3],"tags":[],"class_list":["post-2104","post","type-post","status-publish","format-standard","has-post-thumbnail","hentry","category-aktualnosci"],"aioseo_notices":[],"rttpg_featured_image_url":{"full":["https:\/\/filiapoddebice.bpsieradz.pl\/wp-content\/uploads\/2018\/12\/zd_01.jpg",750,563,false],"landscape":["https:\/\/filiapoddebice.bpsieradz.pl\/wp-content\/uploads\/2018\/12\/zd_01.jpg",750,563,false],"portraits":["https:\/\/filiapoddebice.bpsieradz.pl\/wp-content\/uploads\/2018\/12\/zd_01.jpg",750,563,false],"thumbnail":["https:\/\/filiapoddebice.bpsieradz.pl\/wp-content\/uploads\/2018\/12\/zd_01-150x150.jpg",150,150,true],"medium":["https:\/\/filiapoddebice.bpsieradz.pl\/wp-content\/uploads\/2018\/12\/zd_01-300x225.jpg",300,225,true],"large":["https:\/\/filiapoddebice.bpsieradz.pl\/wp-content\/uploads\/2018\/12\/zd_01.jpg",750,563,false],"1536x1536":["https:\/\/filiapoddebice.bpsieradz.pl\/wp-content\/uploads\/2018\/12\/zd_01.jpg",750,563,false],"2048x2048":["https:\/\/filiapoddebice.bpsieradz.pl\/wp-content\/uploads\/2018\/12\/zd_01.jpg",750,563,false],"onepress-blog-small":["https:\/\/filiapoddebice.bpsieradz.pl\/wp-content\/uploads\/2018\/12\/zd_01-300x150.jpg",300,150,true],"onepress-small":["https:\/\/filiapoddebice.bpsieradz.pl\/wp-content\/uploads\/2018\/12\/zd_01-480x300.jpg",480,300,true],"onepress-medium":["https:\/\/filiapoddebice.bpsieradz.pl\/wp-content\/uploads\/2018\/12\/zd_01-640x400.jpg",640,400,true]},"rttpg_author":{"display_name":"admin","author_link":"https:\/\/filiapoddebice.bpsieradz.pl\/index.php\/author\/admin\/"},"rttpg_comment":0,"rttpg_category":"<a href=\"https:\/\/filiapoddebice.bpsieradz.pl\/index.php\/category\/aktualnosci\/\" rel=\"category tag\">Aktualno\u015bci<\/a>","rttpg_excerpt":"W \u015brod\u0119 11 grudnia odby\u0142y si\u0119 w naszej bibliotece konsultacje zbiorowe w ramach sieci wsp\u00f3\u0142pracy i samokszta\u0142cenia nauczycieli bibliotekarzy nt. &#8222;Ksi\u0105\u017cka obrazkowa &#8211; ksi\u0105\u017cka &#8222;m\u00f3wi\u0105ca&#8221; obrazem&#8221;. Spotkanie by\u0142o otwarte r\u00f3wnie\u017c ...","_links":{"self":[{"href":"https:\/\/filiapoddebice.bpsieradz.pl\/index.php\/wp-json\/wp\/v2\/posts\/2104","targetHints":{"allow":["GET"]}}],"collection":[{"href":"https:\/\/filiapoddebice.bpsieradz.pl\/index.php\/wp-json\/wp\/v2\/posts"}],"about":[{"href":"https:\/\/filiapoddebice.bpsieradz.pl\/index.php\/wp-json\/wp\/v2\/types\/post"}],"author":[{"embeddable":true,"href":"https:\/\/filiapoddebice.bpsieradz.pl\/index.php\/wp-json\/wp\/v2\/users\/1"}],"replies":[{"embeddable":true,"href":"https:\/\/filiapoddebice.bpsieradz.pl\/index.php\/wp-json\/wp\/v2\/comments?post=2104"}],"version-history":[{"count":1,"href":"https:\/\/filiapoddebice.bpsieradz.pl\/index.php\/wp-json\/wp\/v2\/posts\/2104\/revisions"}],"predecessor-version":[{"id":2888,"href":"https:\/\/filiapoddebice.bpsieradz.pl\/index.php\/wp-json\/wp\/v2\/posts\/2104\/revisions\/2888"}],"wp:featuredmedia":[{"embeddable":true,"href":"https:\/\/filiapoddebice.bpsieradz.pl\/index.php\/wp-json\/wp\/v2\/media\/2101"}],"wp:attachment":[{"href":"https:\/\/filiapoddebice.bpsieradz.pl\/index.php\/wp-json\/wp\/v2\/media?parent=2104"}],"wp:term":[{"taxonomy":"category","embeddable":true,"href":"https:\/\/filiapoddebice.bpsieradz.pl\/index.php\/wp-json\/wp\/v2\/categories?post=2104"},{"taxonomy":"post_tag","embeddable":true,"href":"https:\/\/filiapoddebice.bpsieradz.pl\/index.php\/wp-json\/wp\/v2\/tags?post=2104"}],"curies":[{"name":"wp","href":"https:\/\/api.w.org\/{rel}","templated":true}]}}