{"id":2241,"date":"2022-07-07T10:47:06","date_gmt":"2022-07-07T10:47:06","guid":{"rendered":"http:\/\/bip.bpsieradz.pl\/index.php\/2022\/07\/07\/razem-mozemy-wiecej\/"},"modified":"2025-08-29T09:30:53","modified_gmt":"2025-08-29T09:30:53","slug":"razem-mozemy-wiecej","status":"publish","type":"post","link":"https:\/\/filiapoddebice.bpsieradz.pl\/index.php\/2022\/07\/07\/razem-mozemy-wiecej\/","title":{"rendered":"Razem mo\u017cemy wi\u0119cej"},"content":{"rendered":"\n<p class=\"has-text-align-left\"><span style=\"font-size: 12pt;\"><span style=\"font-size: 12pt;\"><span style=\"font-size: 12pt;\"><span style=\"font-size: 12pt;\">Na mocy um\u00f3w zawartych pomi\u0119dzy Minister Rodziny i Polityki Spo\u0142ecznej Pani\u0105 Marlen\u0105 Mal\u0105g, a Marsza\u0142kiem Wojew\u00f3dztwa \u0141\u00f3dzkiego Panem Grzegorzem Schreiberem, od pocz\u0105tku sierpnia do ko\u0144ca przysz\u0142ego roku realizowane b\u0119d\u0105 dwa projekty edukacyjne wybrane w konkursie ofert pn. \u201eRazem Mo\u017cemy Wi\u0119cej \u2013 Pierwsza Edycja Programu Aktywizacyjnego dla Cudzoziemc\u00f3w na lata 2022\u20132023\u201d w ramach Resortowego Programu Aktywizacyjnego dla Cudzoziemc\u00f3w na lata 2022\u20132025.<\/span><\/span><\/span><\/span><span style=\"font-size: 12pt;\"><\/span><\/p>\n\n\n\n<p><span style=\"font-size: 12pt;\">Program skierowany jest do cudzoziemc\u00f3w, kt\u00f3rzy trafili do Polski w sytuacjach kryzysowych (np. zwi\u0105zanych z dzia\u0142aniami zbrojnymi na terenie ich kraju \u2013 w tym w Ukrainie). \u0179r\u00f3d\u0142em finansowania s\u0105 \u015brodki rezerwy Funduszu Pracy, kt\u00f3rych dysponentem jest Minister Rodziny i Polityki Spo\u0142ecznej.<\/span><\/p>\n\n\n\n<p><span style=\"font-size: 12pt;\">Pierwszy z projekt\u00f3w to \u201eKurs j\u0119zyka polskiego dla cudzoziemc\u00f3w\u201d, na kt\u00f3ry Wojew\u00f3dztwo \u0141\u00f3dzkie otrzyma\u0142o wsparcie w wysoko\u015bci 1 297 600 z\u0142otych. Uczestnicy opr\u00f3cz j\u0119zyka poznaj\u0105 nasz\u0105 kultur\u0119, zwyczaje i wszystko to, co pomo\u017ce im si\u0119 odnale\u017a\u0107 w naszych realiach. Wsparciem b\u0119dzie obj\u0119tych 1200 os\u00f3b.<\/span><\/p>\n\n\n\n<p><span style=\"font-size: 12pt;\">Wszystkie kursy s\u0105 dla uczestnik\u00f3w darmowe. Zaj\u0119cia odbywa\u0107 si\u0119 b\u0119d\u0105 w szko\u0142ach prowadzonych przez samorz\u0105d wojew\u00f3dztwa \u0142\u00f3dzkiego. Osoby zainteresowane zach\u0119camy do kontaktu z najbli\u017csz\u0105 plac\u00f3wk\u0105, w celu uzyskania szczeg\u00f3\u0142owych informacji.<\/span><\/p>\n\n\n\n<figure class=\"wp-block-image\"><img decoding=\"async\" src=\"http:\/\/www.bpsieradz.pl\/images\/2022\/razem_mozemy_wiecej_plakat_dofinansowanie.jpg\" alt=\"\"\/><\/figure>\n\n\n\n<p class=\"has-text-align-center\"><span style=\"font-size: 12pt;\"><\/span><\/p>\n\n\n\n<p>&nbsp;<\/p>\n\n\n\n<p><span style=\"font-size: 12pt;\">&nbsp;<\/span><\/p>\n\n\n\n<p>&nbsp;<\/p>\n","protected":false},"excerpt":{"rendered":"<p>Na mocy um\u00f3w zawartych pomi\u0119dzy Minister Rodziny i Polityki Spo\u0142ecznej Pani\u0105 Marlen\u0105 Mal\u0105g, a Marsza\u0142kiem Wojew\u00f3dztwa \u0141\u00f3dzkiego Panem Grzegorzem Schreiberem, od pocz\u0105tku sierpnia do ko\u0144ca przysz\u0142ego roku realizowane b\u0119d\u0105 dwa &#8230;<\/p>\n","protected":false},"author":1,"featured_media":2763,"comment_status":"closed","ping_status":"open","sticky":true,"template":"","format":"standard","meta":{"om_disable_all_campaigns":false,"_monsterinsights_skip_tracking":false,"ngg_post_thumbnail":0,"footnotes":""},"categories":[3],"tags":[],"class_list":["post-2241","post","type-post","status-publish","format-standard","has-post-thumbnail","hentry","category-aktualnosci"],"aioseo_notices":[],"rttpg_featured_image_url":{"full":["https:\/\/filiapoddebice.bpsieradz.pl\/wp-content\/uploads\/2022\/07\/razem_mozemy_wiecej.jpg",800,469,false],"landscape":["https:\/\/filiapoddebice.bpsieradz.pl\/wp-content\/uploads\/2022\/07\/razem_mozemy_wiecej.jpg",800,469,false],"portraits":["https:\/\/filiapoddebice.bpsieradz.pl\/wp-content\/uploads\/2022\/07\/razem_mozemy_wiecej.jpg",800,469,false],"thumbnail":["https:\/\/filiapoddebice.bpsieradz.pl\/wp-content\/uploads\/2022\/07\/razem_mozemy_wiecej-150x150.jpg",150,150,true],"medium":["https:\/\/filiapoddebice.bpsieradz.pl\/wp-content\/uploads\/2022\/07\/razem_mozemy_wiecej-300x176.jpg",300,176,true],"large":["https:\/\/filiapoddebice.bpsieradz.pl\/wp-content\/uploads\/2022\/07\/razem_mozemy_wiecej.jpg",800,469,false],"1536x1536":["https:\/\/filiapoddebice.bpsieradz.pl\/wp-content\/uploads\/2022\/07\/razem_mozemy_wiecej.jpg",800,469,false],"2048x2048":["https:\/\/filiapoddebice.bpsieradz.pl\/wp-content\/uploads\/2022\/07\/razem_mozemy_wiecej.jpg",800,469,false],"onepress-blog-small":["https:\/\/filiapoddebice.bpsieradz.pl\/wp-content\/uploads\/2022\/07\/razem_mozemy_wiecej-300x150.jpg",300,150,true],"onepress-small":["https:\/\/filiapoddebice.bpsieradz.pl\/wp-content\/uploads\/2022\/07\/razem_mozemy_wiecej-480x300.jpg",480,300,true],"onepress-medium":["https:\/\/filiapoddebice.bpsieradz.pl\/wp-content\/uploads\/2022\/07\/razem_mozemy_wiecej-640x400.jpg",640,400,true]},"rttpg_author":{"display_name":"admin","author_link":"https:\/\/filiapoddebice.bpsieradz.pl\/index.php\/author\/admin\/"},"rttpg_comment":0,"rttpg_category":"<a href=\"https:\/\/filiapoddebice.bpsieradz.pl\/index.php\/category\/aktualnosci\/\" rel=\"category tag\">Aktualno\u015bci<\/a>","rttpg_excerpt":"Na mocy um\u00f3w zawartych pomi\u0119dzy Minister Rodziny i Polityki Spo\u0142ecznej Pani\u0105 Marlen\u0105 Mal\u0105g, a Marsza\u0142kiem Wojew\u00f3dztwa \u0141\u00f3dzkiego Panem Grzegorzem Schreiberem, od pocz\u0105tku sierpnia do ko\u0144ca przysz\u0142ego roku realizowane b\u0119d\u0105 dwa ...","_links":{"self":[{"href":"https:\/\/filiapoddebice.bpsieradz.pl\/index.php\/wp-json\/wp\/v2\/posts\/2241","targetHints":{"allow":["GET"]}}],"collection":[{"href":"https:\/\/filiapoddebice.bpsieradz.pl\/index.php\/wp-json\/wp\/v2\/posts"}],"about":[{"href":"https:\/\/filiapoddebice.bpsieradz.pl\/index.php\/wp-json\/wp\/v2\/types\/post"}],"author":[{"embeddable":true,"href":"https:\/\/filiapoddebice.bpsieradz.pl\/index.php\/wp-json\/wp\/v2\/users\/1"}],"replies":[{"embeddable":true,"href":"https:\/\/filiapoddebice.bpsieradz.pl\/index.php\/wp-json\/wp\/v2\/comments?post=2241"}],"version-history":[{"count":1,"href":"https:\/\/filiapoddebice.bpsieradz.pl\/index.php\/wp-json\/wp\/v2\/posts\/2241\/revisions"}],"predecessor-version":[{"id":2758,"href":"https:\/\/filiapoddebice.bpsieradz.pl\/index.php\/wp-json\/wp\/v2\/posts\/2241\/revisions\/2758"}],"wp:featuredmedia":[{"embeddable":true,"href":"https:\/\/filiapoddebice.bpsieradz.pl\/index.php\/wp-json\/wp\/v2\/media\/2763"}],"wp:attachment":[{"href":"https:\/\/filiapoddebice.bpsieradz.pl\/index.php\/wp-json\/wp\/v2\/media?parent=2241"}],"wp:term":[{"taxonomy":"category","embeddable":true,"href":"https:\/\/filiapoddebice.bpsieradz.pl\/index.php\/wp-json\/wp\/v2\/categories?post=2241"},{"taxonomy":"post_tag","embeddable":true,"href":"https:\/\/filiapoddebice.bpsieradz.pl\/index.php\/wp-json\/wp\/v2\/tags?post=2241"}],"curies":[{"name":"wp","href":"https:\/\/api.w.org\/{rel}","templated":true}]}}