{"id":2381,"date":"2023-12-12T08:50:51","date_gmt":"2023-12-12T08:50:51","guid":{"rendered":"http:\/\/bip.bpsieradz.pl\/index.php\/2023\/12\/12\/dziedzictwo-cywilizacyjne-europy\/"},"modified":"2025-08-29T08:46:26","modified_gmt":"2025-08-29T08:46:26","slug":"dziedzictwo-cywilizacyjne-europy","status":"publish","type":"post","link":"https:\/\/filiapoddebice.bpsieradz.pl\/index.php\/2023\/12\/12\/dziedzictwo-cywilizacyjne-europy\/","title":{"rendered":"Dziedzictwo cywilizacyjne Europy"},"content":{"rendered":"\n<p class=\"has-text-align-left\"><span style=\"font-size: 12pt;\">Staro\u017cytni wnie\u015bli ogromny wk\u0142ad w rozw\u00f3j kultury i nauki europejskiej. Wp\u0142ywy cywilizacji staro\u017cytnej Grecji i Rzymu s\u0105 stale obecne w naszych czasach. Stamt\u0105d wywodzi si\u0119 wiele dziedzin nauki i wiedzy, jak cho\u0107by: matematyka, medycyna, historia, prawo czy filozofia. Staro\u017cytnym zawdzi\u0119czamy r\u00f3wnie\u017c r\u00f3\u017cne formy rozrywki i kultury, np. sport, teatr, literatur\u0119, sztuk\u0119. <\/span><\/p>\n\n\n\n<p><span style=\"font-size: 12pt;\">Korzystamy tak\u017ce z alfabetu \u0142aci\u0144skiego, wiele imion wywodzi si\u0119 z \u0142aciny. Szczeg\u00f3lnie bliskie s\u0105 nam sentencje, ale r\u00f3wnie\u017c wyra\u017cenia i zwroty \u0142aci\u0144skie. W u\u017cyciu, na lekcjach historii, czy matematyki nadal s\u0105 rzymskie cyfry, prawa i twierdzenia. Pos\u0142ugujemy si\u0119 odwo\u0142aniami odnosz\u0105cymi si\u0119 do mitologii greckiej i rzymskiej (&#8222;stajnia Augiasza&#8221;, &#8222;pi\u0119ta achillesowa&#8221;, \u201er\u00f3g obfito\u015bci\u201d, \u201etytaniczny wysi\u0142ek\u201d). Cho\u0107 od czas\u00f3w staro\u017cytnych dzieli nas wiele stuleci, to jednak elementy kultury grecko &#8211; rzymskiej s\u0105 stale obecne we wsp\u00f3\u0142czesnej kulturze europejskiej i w naszym codziennym \u017cyciu. Staro\u017cytnym cywilizacjom zawdzi\u0119czamy wi\u0119cej, ni\u017c nam si\u0119 wydaje. <br>Od 20 listopada w naszej bibliotece odbywaj\u0105 si\u0119 zaj\u0119cia zorganizowane dla uczni\u00f3w pierwszych klas z Zespo\u0142u Szk\u00f3\u0142 Ponadpodstawowych im. Jana Paw\u0142a II w Podd\u0119bicach. <br>Celem zaj\u0119\u0107 jest przybli\u017cenie uczniom dziedzictwa cywilizacyjnego Europy oraz promowanie warto\u015bci europejskich. <br>Og\u00f3\u0142em w zaj\u0119ciach wzi\u0119\u0142o udzia\u0142 140 uczni\u00f3w z siedmiu klas. <br>Dzi\u0119kujemy pani Wioletcie Jendrzejczak za koordynowanie spotka\u0144, wychowawcom za wsp\u00f3\u0142prac\u0119, a uczniom za zaanga\u017cowanie podczas zaj\u0119\u0107.<\/span><\/p>\n\n\n\nngg_shortcode_0_placeholder\n","protected":false},"excerpt":{"rendered":"<p>Staro\u017cytni wnie\u015bli ogromny wk\u0142ad w rozw\u00f3j kultury i nauki europejskiej. Wp\u0142ywy cywilizacji staro\u017cytnej Grecji i Rzymu s\u0105 stale obecne w naszych czasach. Stamt\u0105d wywodzi si\u0119 wiele dziedzin nauki i wiedzy, &#8230;<\/p>\n","protected":false},"author":1,"featured_media":2378,"comment_status":"closed","ping_status":"open","sticky":true,"template":"","format":"standard","meta":{"om_disable_all_campaigns":false,"_monsterinsights_skip_tracking":false,"ngg_post_thumbnail":0,"footnotes":""},"categories":[3],"tags":[],"class_list":["post-2381","post","type-post","status-publish","format-standard","has-post-thumbnail","hentry","category-aktualnosci"],"aioseo_notices":[],"rttpg_featured_image_url":{"full":["https:\/\/filiapoddebice.bpsieradz.pl\/wp-content\/uploads\/2023\/12\/1.jpg",940,788,false],"landscape":["https:\/\/filiapoddebice.bpsieradz.pl\/wp-content\/uploads\/2023\/12\/1.jpg",940,788,false],"portraits":["https:\/\/filiapoddebice.bpsieradz.pl\/wp-content\/uploads\/2023\/12\/1.jpg",940,788,false],"thumbnail":["https:\/\/filiapoddebice.bpsieradz.pl\/wp-content\/uploads\/2023\/12\/1-150x150.jpg",150,150,true],"medium":["https:\/\/filiapoddebice.bpsieradz.pl\/wp-content\/uploads\/2023\/12\/1-300x251.jpg",300,251,true],"large":["https:\/\/filiapoddebice.bpsieradz.pl\/wp-content\/uploads\/2023\/12\/1.jpg",800,671,false],"1536x1536":["https:\/\/filiapoddebice.bpsieradz.pl\/wp-content\/uploads\/2023\/12\/1.jpg",940,788,false],"2048x2048":["https:\/\/filiapoddebice.bpsieradz.pl\/wp-content\/uploads\/2023\/12\/1.jpg",940,788,false],"onepress-blog-small":["https:\/\/filiapoddebice.bpsieradz.pl\/wp-content\/uploads\/2023\/12\/1-300x150.jpg",300,150,true],"onepress-small":["https:\/\/filiapoddebice.bpsieradz.pl\/wp-content\/uploads\/2023\/12\/1-480x300.jpg",480,300,true],"onepress-medium":["https:\/\/filiapoddebice.bpsieradz.pl\/wp-content\/uploads\/2023\/12\/1-640x400.jpg",640,400,true]},"rttpg_author":{"display_name":"admin","author_link":"https:\/\/filiapoddebice.bpsieradz.pl\/index.php\/author\/admin\/"},"rttpg_comment":0,"rttpg_category":"<a href=\"https:\/\/filiapoddebice.bpsieradz.pl\/index.php\/category\/aktualnosci\/\" rel=\"category tag\">Aktualno\u015bci<\/a>","rttpg_excerpt":"Staro\u017cytni wnie\u015bli ogromny wk\u0142ad w rozw\u00f3j kultury i nauki europejskiej. Wp\u0142ywy cywilizacji staro\u017cytnej Grecji i Rzymu s\u0105 stale obecne w naszych czasach. Stamt\u0105d wywodzi si\u0119 wiele dziedzin nauki i wiedzy, ...","_links":{"self":[{"href":"https:\/\/filiapoddebice.bpsieradz.pl\/index.php\/wp-json\/wp\/v2\/posts\/2381","targetHints":{"allow":["GET"]}}],"collection":[{"href":"https:\/\/filiapoddebice.bpsieradz.pl\/index.php\/wp-json\/wp\/v2\/posts"}],"about":[{"href":"https:\/\/filiapoddebice.bpsieradz.pl\/index.php\/wp-json\/wp\/v2\/types\/post"}],"author":[{"embeddable":true,"href":"https:\/\/filiapoddebice.bpsieradz.pl\/index.php\/wp-json\/wp\/v2\/users\/1"}],"replies":[{"embeddable":true,"href":"https:\/\/filiapoddebice.bpsieradz.pl\/index.php\/wp-json\/wp\/v2\/comments?post=2381"}],"version-history":[{"count":1,"href":"https:\/\/filiapoddebice.bpsieradz.pl\/index.php\/wp-json\/wp\/v2\/posts\/2381\/revisions"}],"predecessor-version":[{"id":2612,"href":"https:\/\/filiapoddebice.bpsieradz.pl\/index.php\/wp-json\/wp\/v2\/posts\/2381\/revisions\/2612"}],"wp:featuredmedia":[{"embeddable":true,"href":"https:\/\/filiapoddebice.bpsieradz.pl\/index.php\/wp-json\/wp\/v2\/media\/2378"}],"wp:attachment":[{"href":"https:\/\/filiapoddebice.bpsieradz.pl\/index.php\/wp-json\/wp\/v2\/media?parent=2381"}],"wp:term":[{"taxonomy":"category","embeddable":true,"href":"https:\/\/filiapoddebice.bpsieradz.pl\/index.php\/wp-json\/wp\/v2\/categories?post=2381"},{"taxonomy":"post_tag","embeddable":true,"href":"https:\/\/filiapoddebice.bpsieradz.pl\/index.php\/wp-json\/wp\/v2\/tags?post=2381"}],"curies":[{"name":"wp","href":"https:\/\/api.w.org\/{rel}","templated":true}]}}