{"id":3111,"date":"2026-05-26T06:30:42","date_gmt":"2026-05-26T06:30:42","guid":{"rendered":"https:\/\/filiapoddebice.bpsieradz.pl\/?p=3111"},"modified":"2026-05-26T06:30:43","modified_gmt":"2026-05-26T06:30:43","slug":"final-v-konkursu-czytanie-to-radosc","status":"publish","type":"post","link":"https:\/\/filiapoddebice.bpsieradz.pl\/index.php\/2026\/05\/26\/final-v-konkursu-czytanie-to-radosc\/","title":{"rendered":"Fina\u0142 V Konkursu \u201eCzytanie to rado\u015b\u0107!\u201d"},"content":{"rendered":"\n<p>15 maja odby\u0142 si\u0119 fina\u0142 V edycji Konkursu \u201eCzytanie to rado\u015b\u0107!\u201d. Wzi\u0119\u0142o w nim udzia\u0142 70 dzieci z klas 1-3 szk\u00f3\u0142 podstawowych powiatu podd\u0119bickiego (Ba\u0142drzych\u00f3w, Uniej\u00f3w, Dalik\u00f3w, Zadzim, Zygry, Wartkowice, Podd\u0119bice i P\u0119czniew). Zadaniem konkursowym by\u0142o przeczytanie wybranej przez Organizatora Lektury Miesi\u0105ca oraz wype\u0142nienie testu (jeden test w ka\u017cdym miesi\u0105cu od stycznia do\u00a0kwietnia 2026 r.).\u00a0 Testy zamieszczane by\u0142y na platformie Google, a link do ka\u017cdego przesy\u0142any by\u0142 uczestnikom drog\u0105 mailow\u0105.<\/p>\n\n\n\n<p>Ka\u017cdy test zawiera\u0142 oko\u0142o 20 pyta\u0144 (w tym jedno otwarte). Pytania testowe dotyczy\u0142y wybranej przez Organizatora tzw. \u201elektury miesi\u0105ca\u201d (stycze\u0144 \u2013 Hans Christian Andersen \u201eBa\u015bnie\u201d- \u201eDziewczynka z zapa\u0142kami\u201d, \u201eChoinka\u201d, \u201eHistoria roku\u201d ; luty \u2013 \u201eNasza mama czarodziejka\u201d Joanna Papuzi\u0144ska ; marzec \u2013 \u201eO krakowskich psach i kleparskich kotach : Polskie miasta w ba\u015bni i legendzie\u201d ; kwiecie\u0144 \u2013 Agnieszka Fr\u0105czek \u201eRany Julek! O tym jak Julia Tuwim zosta\u0142 poet\u0105\u201d) . Dodatkowym zadaniem konkursowym by\u0142o przes\u0142anie pracy plastycznej.<\/p>\n\n\n\n<p>W ka\u017cdym miesi\u0105cu zwyci\u0119\u017ca\u0142 jeden Laureat Miesi\u0105ca (w kwietniu dw\u00f3ch), a wszyscy uczestnicy zbierali punkty, kt\u00f3re na koniec zosta\u0142y podsumowane.<\/p>\n\n\n\n<p>Komisja Konkursowa w sk\u0142adzie: Anna Perli\u0144ska-Supe\u0142 \u2013 przewodnicz\u0105ca, El\u017cbieta Kowalska,&nbsp; Beata Matusiak-Ignar wy\u0142oni\u0142a: Laureat\u00f3w Miesi\u0105ca: stycze\u0144 \u2013 Tomasz Buch (SP Ba\u0142drzych\u00f3w), luty \u2013 Zofia K\u0119dzierska (SP Podd\u0119bice), marzec \u2013 Pola Koli\u0144ska (SP Wartkowice), kwiecie\u0144 \u2013 Zofia Ja\u015bkiewicz (SP Uniej\u00f3w) i Emilia Kosmalska (SP P\u0119czniew).<\/p>\n\n\n\n<p>W gronie Finalist\u00f3w znale\u017ali si\u0119:<\/p>\n\n\n\n<p><strong>I Miejsca<\/strong><\/p>\n\n\n\n<ul class=\"wp-block-list\">\n<li>Tomasz Buch (SP Baldrzych\u00f3w)<\/li>\n\n\n\n<li>Faustyna Kauczak (SP Podd\u0119bice)<\/li>\n\n\n\n<li>Zuzanna Jaworska (SP Dalik\u00f3w)<\/li>\n<\/ul>\n\n\n\n<p><strong>II Miejsca<\/strong><\/p>\n\n\n\n<ul class=\"wp-block-list\">\n<li>Maria Napieraj (SP Podd\u0119bice)<\/li>\n\n\n\n<li>Nadia J\u0119drzejczak (SP Dalik\u00f3w)<\/li>\n\n\n\n<li>Monika Jaworska (SP Dalik\u00f3w)<\/li>\n<\/ul>\n\n\n\n<p><strong>III Miejsca<\/strong><\/p>\n\n\n\n<ul class=\"wp-block-list\">\n<li>Micha\u0142 Pietrzak (SP Wartkowice)<\/li>\n\n\n\n<li>Pathare Sara (SP Uniej\u00f3w)<\/li>\n\n\n\n<li>Zofia K\u0119dzierska (SP Podd\u0119bice)<\/li>\n<\/ul>\n\n\n\n<p><strong>Wyr\u00f3\u017cnienie:<\/strong><\/p>\n\n\n\n<ul class=\"wp-block-list\">\n<li>Bartosz Ludwisiak (SP Dalik\u00f3w)<\/li>\n\n\n\n<li>Hanna Kurzawa (SP Uniej\u00f3w)<\/li>\n\n\n\n<li>Zuzanna Firaza (SP Dalik\u00f3w)<\/li>\n\n\n\n<li>Julian Stawiszy\u0144ski (SP Ba\u0142drzych\u00f3w)<\/li>\n\n\n\n<li>Aleksandra Ga\u0142ek (SP Podd\u0119bice)<\/li>\n\n\n\n<li>Alana Czy\u017cnik (SP Ba\u0142drzych\u00f3w)<\/li>\n\n\n\n<li>Jakub Chwia\u0142a (SP Podd\u0119bice)<\/li>\n\n\n\n<li>Miko\u0142aj Pacze\u015bny (SP Uniej\u00f3w)<\/li>\n\n\n\n<li>Szymon Cepowski (SP Zadzim)<\/li>\n\n\n\n<li>Zofia Kowalczyk (SP Zygry)<\/li>\n<\/ul>\n\n\n\n<p>Wszyscy uczestnicy Konkursu otrzymali pami\u0105tkowe dyplomy oraz ksi\u0105\u017cki za udzia\u0142, za\u015b wszyscy Laureaci otrzymali dodatkowe ksi\u0105\u017cki. Nagrody ufundowane zosta\u0142y przez Centrum Rozwoju Edukacji W\u0141 w Sieradzu oraz przez pani\u0105 Ann\u0119 Perli\u0144sk\u0105-Supe\u0142 (redaktor naczeln\u0105 portalu www.miastodzieci.pl.<\/p>\n\n\n\nngg_shortcode_0_placeholder\n","protected":false},"excerpt":{"rendered":"<p>15 maja odby\u0142 si\u0119 fina\u0142 V edycji Konkursu \u201eCzytanie to rado\u015b\u0107!\u201d. Wzi\u0119\u0142o w nim udzia\u0142 70 dzieci z klas 1-3 szk\u00f3\u0142 podstawowych powiatu podd\u0119bickiego (Ba\u0142drzych\u00f3w, Uniej\u00f3w, Dalik\u00f3w, Zadzim, Zygry, Wartkowice, &#8230;<\/p>\n","protected":false},"author":1,"featured_media":3122,"comment_status":"closed","ping_status":"open","sticky":false,"template":"","format":"standard","meta":{"om_disable_all_campaigns":false,"_monsterinsights_skip_tracking":false,"ngg_post_thumbnail":0,"footnotes":""},"categories":[3],"tags":[],"class_list":["post-3111","post","type-post","status-publish","format-standard","has-post-thumbnail","hentry","category-aktualnosci"],"aioseo_notices":[],"rttpg_featured_image_url":{"full":["https:\/\/filiapoddebice.bpsieradz.pl\/wp-content\/uploads\/2026\/05\/Czytanie_to_radosc-04-scaled.jpg",2560,1920,false],"landscape":["https:\/\/filiapoddebice.bpsieradz.pl\/wp-content\/uploads\/2026\/05\/Czytanie_to_radosc-04-scaled.jpg",2560,1920,false],"portraits":["https:\/\/filiapoddebice.bpsieradz.pl\/wp-content\/uploads\/2026\/05\/Czytanie_to_radosc-04-scaled.jpg",2560,1920,false],"thumbnail":["https:\/\/filiapoddebice.bpsieradz.pl\/wp-content\/uploads\/2026\/05\/Czytanie_to_radosc-04-150x150.jpg",150,150,true],"medium":["https:\/\/filiapoddebice.bpsieradz.pl\/wp-content\/uploads\/2026\/05\/Czytanie_to_radosc-04-300x225.jpg",300,225,true],"large":["https:\/\/filiapoddebice.bpsieradz.pl\/wp-content\/uploads\/2026\/05\/Czytanie_to_radosc-04-1024x768.jpg",800,600,true],"1536x1536":["https:\/\/filiapoddebice.bpsieradz.pl\/wp-content\/uploads\/2026\/05\/Czytanie_to_radosc-04-1536x1152.jpg",1536,1152,true],"2048x2048":["https:\/\/filiapoddebice.bpsieradz.pl\/wp-content\/uploads\/2026\/05\/Czytanie_to_radosc-04-2048x1536.jpg",2048,1536,true],"onepress-blog-small":["https:\/\/filiapoddebice.bpsieradz.pl\/wp-content\/uploads\/2026\/05\/Czytanie_to_radosc-04-300x150.jpg",300,150,true],"onepress-small":["https:\/\/filiapoddebice.bpsieradz.pl\/wp-content\/uploads\/2026\/05\/Czytanie_to_radosc-04-480x300.jpg",480,300,true],"onepress-medium":["https:\/\/filiapoddebice.bpsieradz.pl\/wp-content\/uploads\/2026\/05\/Czytanie_to_radosc-04-640x400.jpg",640,400,true]},"rttpg_author":{"display_name":"admin","author_link":"https:\/\/filiapoddebice.bpsieradz.pl\/index.php\/author\/admin\/"},"rttpg_comment":0,"rttpg_category":"<a href=\"https:\/\/filiapoddebice.bpsieradz.pl\/index.php\/category\/aktualnosci\/\" rel=\"category tag\">Aktualno\u015bci<\/a>","rttpg_excerpt":"15 maja odby\u0142 si\u0119 fina\u0142 V edycji Konkursu \u201eCzytanie to rado\u015b\u0107!\u201d. Wzi\u0119\u0142o w nim udzia\u0142 70 dzieci z klas 1-3 szk\u00f3\u0142 podstawowych powiatu podd\u0119bickiego (Ba\u0142drzych\u00f3w, Uniej\u00f3w, Dalik\u00f3w, Zadzim, Zygry, Wartkowice, ...","_links":{"self":[{"href":"https:\/\/filiapoddebice.bpsieradz.pl\/index.php\/wp-json\/wp\/v2\/posts\/3111","targetHints":{"allow":["GET"]}}],"collection":[{"href":"https:\/\/filiapoddebice.bpsieradz.pl\/index.php\/wp-json\/wp\/v2\/posts"}],"about":[{"href":"https:\/\/filiapoddebice.bpsieradz.pl\/index.php\/wp-json\/wp\/v2\/types\/post"}],"author":[{"embeddable":true,"href":"https:\/\/filiapoddebice.bpsieradz.pl\/index.php\/wp-json\/wp\/v2\/users\/1"}],"replies":[{"embeddable":true,"href":"https:\/\/filiapoddebice.bpsieradz.pl\/index.php\/wp-json\/wp\/v2\/comments?post=3111"}],"version-history":[{"count":1,"href":"https:\/\/filiapoddebice.bpsieradz.pl\/index.php\/wp-json\/wp\/v2\/posts\/3111\/revisions"}],"predecessor-version":[{"id":3123,"href":"https:\/\/filiapoddebice.bpsieradz.pl\/index.php\/wp-json\/wp\/v2\/posts\/3111\/revisions\/3123"}],"wp:featuredmedia":[{"embeddable":true,"href":"https:\/\/filiapoddebice.bpsieradz.pl\/index.php\/wp-json\/wp\/v2\/media\/3122"}],"wp:attachment":[{"href":"https:\/\/filiapoddebice.bpsieradz.pl\/index.php\/wp-json\/wp\/v2\/media?parent=3111"}],"wp:term":[{"taxonomy":"category","embeddable":true,"href":"https:\/\/filiapoddebice.bpsieradz.pl\/index.php\/wp-json\/wp\/v2\/categories?post=3111"},{"taxonomy":"post_tag","embeddable":true,"href":"https:\/\/filiapoddebice.bpsieradz.pl\/index.php\/wp-json\/wp\/v2\/tags?post=3111"}],"curies":[{"name":"wp","href":"https:\/\/api.w.org\/{rel}","templated":true}]}}