{"id":3124,"date":"2026-05-26T06:37:54","date_gmt":"2026-05-26T06:37:54","guid":{"rendered":"https:\/\/filiapoddebice.bpsieradz.pl\/?p=3124"},"modified":"2026-05-26T06:37:56","modified_gmt":"2026-05-26T06:37:56","slug":"final-xix-konkursu-literacki-talent-kod-ossolinskiego","status":"publish","type":"post","link":"https:\/\/filiapoddebice.bpsieradz.pl\/index.php\/2026\/05\/26\/final-xix-konkursu-literacki-talent-kod-ossolinskiego\/","title":{"rendered":"Fina\u0142 XIX Konkursu Literacki talent \u201eKod Ossoli\u0144skiego\u201d"},"content":{"rendered":"\n<p>21 maja odby\u0142 si\u0119 fina\u0142 XIX Konkursu Literacki talent, kt\u00f3ry w tym roku odby\u0142 si\u0119 pod has\u0142em \u201eKod Ossoli\u0144skiego\u201d. Jego celem by\u0142o m.in. uczczenie Patrona Roku 2026 J\u00f3zefa Maksymiliana Ossoi\u0144skiego <strong><em>&nbsp;(wybitnego humanisty, pisarza, badacza literatury &#8211; jednego z najwa\u017cniejszych polskich mecenas\u00f3w kultury epoki o\u015bwiecenia, kt\u00f3ry w <\/em><\/strong><strong><em>1817 roku powo\u0142a\u0142 do \u017cycia Zak\u0142ad Narodowy im. Ossoli\u0144skich (Ossolineum), kt\u00f3remu podarowa\u0142 ca\u0142\u0105 swoj\u0105 prywatn\u0105 kolekcj\u0119 ksi\u0105\u017cek). <\/em><\/strong>szerzenie w\u015br\u00f3d m\u0142odzie\u017cy zainteresowania dziedzictwem kultury polskiej oraz literatur\u0105 pi\u0119kn\u0105, promowanie m\u0142odych talent\u00f3w literackich oraz stwarzanie im mo\u017cliwo\u015bci realizacji zainteresowa\u0144 i zdolno\u015bci.<\/p>\n\n\n\n<p>Konkurs skierowany by\u0142 do uczni\u00f3w klas 4-8 szk\u00f3\u0142 podstawowych oraz do uczni\u00f3w szk\u00f3\u0142 ponadpodstawowych powiatu podd\u0119bickiego, a zadanie <strong>konkursowe polega\u0142o na napisaniu dw\u00f3ch wierszy lub opowiadania na jeden z\u00a0wybranych temat\u00f3w: <\/strong><\/p>\n\n\n\n<ol class=\"wp-block-list\">\n<li><strong><strong>Wyobra\u017a sobie, \u017ce jeste\u015b bibliotek\u0105. Opowiedz nam, co\u00a0widzisz, co czujesz, co my\u015blisz. <\/strong><\/strong><\/li>\n\n\n\n<li><strong><strong>Wyobra\u017a sobie, \u017ce jeste\u015b ksi\u0105\u017ck\u0105. Opowiedz nam, czego do\u015bwiadczasz w kontaktach z lud\u017ami.<\/strong> <\/strong><\/li>\n<\/ol>\n\n\n\n<p>W finale udzia\u0142 wzi\u0119li uczniowie z \u00a0rodzicami\/nauczycielami, cz\u0142onkowie jury oraz wicedyrektor CREWL w Sieradzu Daniela Danielewska-Matusiak.<\/p>\n\n\n\n<p>Jury w sk\u0142adzie: Magdalena Skubiszewska-Bilek\u00a0 &#8211; przewodnicz\u0105ca, Alicja W\u0142asny oraz Renata Lasocka przyzna\u0142o nast\u0119puj\u0105ce miejsca:\u00a0 <\/p>\n\n\n\n<p>I miejsce: Alan Mruk- poezja (SP w K\u0142\u00f3dnej), Gabriela B\u0142aszczyk \u2013 poezja (SP w Zygrach), Nadia \u0141ukasik \u2013 proza (SP w\u00a0Zadzimiu), <\/p>\n\n\n\n<p>II miejsce: Amelia Rzepecka \u2013 proza (SP w Wartkowicach), Adam Paczkowski \u2013 poezja (SP w Zygrach),<\/p>\n\n\n\n<p>III miejsce: Cezary Kacprzak \u2013 poezja (SP w Zadzimiu) oraz wyr\u00f3\u017cnienia: Rozalia Pra\u017cmowska \u2013 proza (SP w\u00a0Wartkowicach) i Maja Biernat \u2013 proza (SP w Zygrach), Patrycja Drzewoszewska \u2013 proza (SP w\u00a0Uniejowie), <\/p>\n\n\n\n<p>Wyr\u00f3\u017cnienie: Oskar Brzezowski. <\/p>\n\n\n\n<p>Wszyscy uczestnicy konkursu otrzymali pami\u0105tkowe dyplomy oraz nagrody za udzia\u0142, za\u015b nagrodzeni dodatkowo ksi\u0105\u017cki z serii Biblioteka Narodowa Wydawnictwa Ossolineum.<\/p>\n\n\n\n<p>Dzi\u0119kujemy wszystkim za udzia\u0142 w konkursie. Serdecznie gratulujemy wszystkim nagrodzonym.<\/p>\n\n\n\n<p>Kilka s\u0142\u00f3w od przewodnicz\u0105cej Jury:<\/p>\n\n\n\n<p>Tegoroczna edycja naszego konkursu jest bardziej wyj\u0105tkowa ni\u017c poprzednie. Jest tak dlatego, \u017ce jak nigdy wcze\u015bniej, spiera\u0142y\u015bmy si\u0119 o to, komu ten konkurs po\u015bwi\u0119ci\u0107, wahaj\u0105c si\u0119 mi\u0119dzy Mieczys\u0142awem Foggiem a J\u00f3zefem Maksymilianem Ossoli\u0144skim. A tak\u017ce dlatego, \u017ce przygotowa\u0142y\u015bmy nietypowe zadania. Nietypowe, poniewa\u017c osoba bior\u0105ca udzia\u0142 w konkursie musia\u0142a wcieli\u0107 si\u0119 &#8211; a \u017ceby to zrobi\u0107, najpierw odcieli\u0107 si\u0119 od siebie, jakby to powiedzia\u0142 Witold Gombrowicz &#8211; w jedn\u0105 ksi\u0105\u017ck\u0119 lub ca\u0142\u0105 bibliotek\u0119.<\/p>\n\n\n\n<p>W czasach, o kt\u00f3rych m\u00f3wi si\u0119, \u017ce wieszcz\u0105 koniec drukowanej ksi\u0105\u017cki, \u017ce nios\u0105 kryzys czytelnictwa, my nadal niezmiennie uwa\u017camy, \u017ce ka\u017cda ksi\u0105\u017cka to intelektualna przygoda i autentyczne prze\u017cycia. I dlatego tym bardziej cieszymy si\u0119, \u017ce tak skonstruowane zadanie konkursowe spotka\u0142o si\u0119 z tak du\u017cym zainteresowaniem w\u015br\u00f3d m\u0142odych ludzi.<\/p>\n\n\n\n<p>Wp\u0142yn\u0119\u0142o do nas 20 prac, prawie po r\u00f3wno w ka\u017cdej z kategorii: proza i poezja.<\/p>\n\n\n\n<p>Wasze ksi\u0105\u017cki \u017cyj\u0105, czuj\u0105 siebie i cz\u0142owieka. Doceniaj\u0105 kontakt z lud\u017ami, ale\u00a0i\u00a0oceniaj\u0105 te relacje. Mo\u017cna si\u0119 w nich przejrze\u0107, bo <em>posiadaj\u0105 fragmenty naszych dusz<\/em>. A Wasze biblioteki to <em>serca \u015bwiata<\/em> i <em>\u017cywe mosty do gwiazd, czuj\u0105ce szelest czasu przewracaj\u0105cego kartki. <\/em>To s\u0105 Wasze s\u0142owa, przepi\u0119kne i bardzo m\u0105dre. Jeste\u015bcie marzeniem ka\u017cdej ksi\u0105\u017cki i ka\u017cdej biblioteki. Macie w sobie ogrom empatii i\u00a0czu\u0142o\u015bci do \u015bwiata. Wasz\u0105 wra\u017cliwo\u015b\u0107 czyta si\u0119 w Waszym j\u0119zyku, w kt\u00f3rym zdania nie s\u0105 proste a metafory wywo\u0142uj\u0105 czysty podziw. Bo czy mo\u017cna lepiej odda\u0107 sens istnienia ksi\u0105\u017cki i biblioteki ni\u017c s\u0142owa: <em>\u017cyj\u0119 ka\u017cdym, kto mnie otwiera<\/em>? Nie mo\u017cna. I\u00a0dla\u00a0takich chwil, pe\u0142nych zachwytu i przyjemno\u015bci czytania, od 19 lat spotykamy si\u0119 co roku.<\/p>\n\n\n\n<p>Dzi\u0119kujemy wszystkim za udzia\u0142 w naszym konkursie i serdecznie gratulujemy osobom nagrodzonym i wyr\u00f3\u017cnionym.<\/p>\n\n\n\n<p>Magdalena Skubiszewska-Bilek<br>przewodnicz\u0105ca Jury<\/p>\n\n\n\nngg_shortcode_0_placeholder\n","protected":false},"excerpt":{"rendered":"<p>21 maja odby\u0142 si\u0119 fina\u0142 XIX Konkursu Literacki talent, kt\u00f3ry w tym roku odby\u0142 si\u0119 pod has\u0142em \u201eKod Ossoli\u0144skiego\u201d. Jego celem by\u0142o m.in. uczczenie Patrona Roku 2026 J\u00f3zefa Maksymiliana Ossoi\u0144skiego &#8230;<\/p>\n","protected":false},"author":1,"featured_media":3134,"comment_status":"closed","ping_status":"open","sticky":false,"template":"","format":"standard","meta":{"om_disable_all_campaigns":false,"_monsterinsights_skip_tracking":false,"ngg_post_thumbnail":0,"footnotes":""},"categories":[3],"tags":[],"class_list":["post-3124","post","type-post","status-publish","format-standard","has-post-thumbnail","hentry","category-aktualnosci"],"aioseo_notices":[],"rttpg_featured_image_url":{"full":["https:\/\/filiapoddebice.bpsieradz.pl\/wp-content\/uploads\/2026\/05\/Literacki_talent_1.jpg",2048,923,false],"landscape":["https:\/\/filiapoddebice.bpsieradz.pl\/wp-content\/uploads\/2026\/05\/Literacki_talent_1.jpg",2048,923,false],"portraits":["https:\/\/filiapoddebice.bpsieradz.pl\/wp-content\/uploads\/2026\/05\/Literacki_talent_1.jpg",2048,923,false],"thumbnail":["https:\/\/filiapoddebice.bpsieradz.pl\/wp-content\/uploads\/2026\/05\/Literacki_talent_1-150x150.jpg",150,150,true],"medium":["https:\/\/filiapoddebice.bpsieradz.pl\/wp-content\/uploads\/2026\/05\/Literacki_talent_1-300x135.jpg",300,135,true],"large":["https:\/\/filiapoddebice.bpsieradz.pl\/wp-content\/uploads\/2026\/05\/Literacki_talent_1-1024x462.jpg",800,361,true],"1536x1536":["https:\/\/filiapoddebice.bpsieradz.pl\/wp-content\/uploads\/2026\/05\/Literacki_talent_1-1536x692.jpg",1536,692,true],"2048x2048":["https:\/\/filiapoddebice.bpsieradz.pl\/wp-content\/uploads\/2026\/05\/Literacki_talent_1.jpg",2048,923,false],"onepress-blog-small":["https:\/\/filiapoddebice.bpsieradz.pl\/wp-content\/uploads\/2026\/05\/Literacki_talent_1-300x150.jpg",300,150,true],"onepress-small":["https:\/\/filiapoddebice.bpsieradz.pl\/wp-content\/uploads\/2026\/05\/Literacki_talent_1-480x300.jpg",480,300,true],"onepress-medium":["https:\/\/filiapoddebice.bpsieradz.pl\/wp-content\/uploads\/2026\/05\/Literacki_talent_1-640x400.jpg",640,400,true]},"rttpg_author":{"display_name":"admin","author_link":"https:\/\/filiapoddebice.bpsieradz.pl\/index.php\/author\/admin\/"},"rttpg_comment":0,"rttpg_category":"<a href=\"https:\/\/filiapoddebice.bpsieradz.pl\/index.php\/category\/aktualnosci\/\" rel=\"category tag\">Aktualno\u015bci<\/a>","rttpg_excerpt":"21 maja odby\u0142 si\u0119 fina\u0142 XIX Konkursu Literacki talent, kt\u00f3ry w tym roku odby\u0142 si\u0119 pod has\u0142em \u201eKod Ossoli\u0144skiego\u201d. Jego celem by\u0142o m.in. uczczenie Patrona Roku 2026 J\u00f3zefa Maksymiliana Ossoi\u0144skiego ...","_links":{"self":[{"href":"https:\/\/filiapoddebice.bpsieradz.pl\/index.php\/wp-json\/wp\/v2\/posts\/3124","targetHints":{"allow":["GET"]}}],"collection":[{"href":"https:\/\/filiapoddebice.bpsieradz.pl\/index.php\/wp-json\/wp\/v2\/posts"}],"about":[{"href":"https:\/\/filiapoddebice.bpsieradz.pl\/index.php\/wp-json\/wp\/v2\/types\/post"}],"author":[{"embeddable":true,"href":"https:\/\/filiapoddebice.bpsieradz.pl\/index.php\/wp-json\/wp\/v2\/users\/1"}],"replies":[{"embeddable":true,"href":"https:\/\/filiapoddebice.bpsieradz.pl\/index.php\/wp-json\/wp\/v2\/comments?post=3124"}],"version-history":[{"count":1,"href":"https:\/\/filiapoddebice.bpsieradz.pl\/index.php\/wp-json\/wp\/v2\/posts\/3124\/revisions"}],"predecessor-version":[{"id":3135,"href":"https:\/\/filiapoddebice.bpsieradz.pl\/index.php\/wp-json\/wp\/v2\/posts\/3124\/revisions\/3135"}],"wp:featuredmedia":[{"embeddable":true,"href":"https:\/\/filiapoddebice.bpsieradz.pl\/index.php\/wp-json\/wp\/v2\/media\/3134"}],"wp:attachment":[{"href":"https:\/\/filiapoddebice.bpsieradz.pl\/index.php\/wp-json\/wp\/v2\/media?parent=3124"}],"wp:term":[{"taxonomy":"category","embeddable":true,"href":"https:\/\/filiapoddebice.bpsieradz.pl\/index.php\/wp-json\/wp\/v2\/categories?post=3124"},{"taxonomy":"post_tag","embeddable":true,"href":"https:\/\/filiapoddebice.bpsieradz.pl\/index.php\/wp-json\/wp\/v2\/tags?post=3124"}],"curies":[{"name":"wp","href":"https:\/\/api.w.org\/{rel}","templated":true}]}}