{"id":3137,"date":"2026-07-09T07:21:50","date_gmt":"2026-07-09T07:21:50","guid":{"rendered":"https:\/\/filiapoddebice.bpsieradz.pl\/?p=3137"},"modified":"2026-07-09T07:23:48","modified_gmt":"2026-07-09T07:23:48","slug":"widzenie-portret-muzyka-maska","status":"publish","type":"post","link":"https:\/\/filiapoddebice.bpsieradz.pl\/index.php\/2026\/07\/09\/widzenie-portret-muzyka-maska\/","title":{"rendered":"WIDZENIE. Portret &#8211; Muzyka &#8211; Maska"},"content":{"rendered":"<div class=\"wp-block-image\">\n<figure class=\"aligncenter size-full\"><img fetchpriority=\"high\" decoding=\"async\" width=\"567\" height=\"113\" src=\"http:\/\/filiapoddebice.bpsieradz.pl\/wp-content\/uploads\/2025\/09\/Belki-01.jpg\" alt=\"\" class=\"wp-image-3052\" srcset=\"https:\/\/filiapoddebice.bpsieradz.pl\/wp-content\/uploads\/2025\/09\/Belki-01.jpg 567w, https:\/\/filiapoddebice.bpsieradz.pl\/wp-content\/uploads\/2025\/09\/Belki-01-300x60.jpg 300w\" sizes=\"(max-width: 567px) 100vw, 567px\" \/><\/figure>\n<\/div>\n\n\n<p>Centrum Rozwoju Edukacji Wojew\u00f3dztwa \u0141\u00f3dzkiego Biblioteka Pedagogiczna w Sieradzu Filia w Podd\u0119bicach zaprasza na wystaw\u0119 prac uczni\u00f3w Pa\u0144stwowego Liceum Sztuk Plastycznych im. K. Kobro w Zdu\u0144skiej Woli pt. \u201eWIDZENIE. Portret &#8211; Muzyka &#8211; Maska\u201d.<\/p>\n\n\n\n<p>Wystawa zosta\u0142a zadedykowana Andrzejowi Wajdzie, kt\u00f3rego 100. rocznica urodzin obchodzona jest w roku obecnym. \u201eNajwa\u017cniejsze jest to, jak artysta widzi \u015bwiat\u201d \u2013 Andrzej Wajda.<\/p>\n\n\n\n<p>Prezentowane na wystawie prace autorstwa uczni\u00f3w, obecnie absolwent\u00f3w, pochodz\u0105 z lat: 2003 \u2013 2025.<\/p>\n\n\n\n<ol class=\"wp-block-list\">\n<li>Joanna Perdek i Natalia Lider \u201eFortepian \u2013 Powidoki\u201d 2016<\/li>\n\n\n\n<li>Olga W\u0142odarczyk \u201eAutoportret\u201d 2025<\/li>\n\n\n\n<li>Julia Wojtas \u201eAutoportret\u201d 2025<\/li>\n\n\n\n<li>Agata Sukiennik \u201eAutoportret\u201d 2003<\/li>\n\n\n\n<li>Agnieszka Nakonieczna \u201eCaritas muzyczna\u201d 2019<\/li>\n\n\n\n<li>Natalia Poniatowska \u201eKontemplacja spojrze\u0144 \u2013 pozostaj\u0105c w dialogu z Mistrzem Witem Stwoszem\u201d \u2013 I 2021<\/li>\n\n\n\n<li>Natalia Poniatowska \u201eKontemplacja spojrze\u0144 \u2013 pozostaj\u0105c w dialogu z Mistrzem Witem Stwoszem\u201d \u2013 II 2021<\/li>\n\n\n\n<li>Aleksandra Strupi\u0144ska \u201eAutoportret\u201d 2019<\/li>\n\n\n\n<li>Amelia Wojciechowska \u201eCia\u0142o\u201d 2024<\/li>\n<\/ol>\n\n\n\n<p>Prace powsta\u0142y pod kierunkiem nauczyciela rysunku i malarstwa: Marzeny Sroczy\u0144skiej-Gudajczyk.<\/p>\n\n\n\n<p>Wystawa trwa\u0107 b\u0119dzie od 28 czerwca do 31 sierpnia 2026 r.<\/p>\n\n\n\n<p>Dzia\u0142anie organizowane jest w ramach realizacji zadania p.n. &#8222;Kultura na wyci\u0105gni\u0119cie r\u0119ki&#8221; z <a href=\"https:\/\/www.facebook.com\/BudzetObywatelskiLodzkie?__cft__%5b0%5d=AZZBJOrUc2UMiVPyUsJmaHZ9sco-k4q0leGTAnok87I_BW6bM6oeIu_ND7mOCrZPKDdTgEPyRby0eQG4Ho-4I2EfxG3W8xMJ85MUzkp5Cgd7rrdho9LoBtGt6r9YH4y8Ipk26_Y4uGLC_cqW0QAtNPgVOecN5kUPXcovf6gAuQIzLL88F7KnxOgb4Wyb84ZwwNpX4qmYOkGH4OmhxhLJCzXc&amp;__tn__=-%5dK-R\">Bud\u017cet Obywatelski Wojew\u00f3dztwa \u0141\u00f3dzkiego<\/a> na rok 2026<\/p>\n\n\n\nngg_shortcode_0_placeholder\n","protected":false},"excerpt":{"rendered":"<p>Centrum Rozwoju Edukacji Wojew\u00f3dztwa \u0141\u00f3dzkiego Biblioteka Pedagogiczna w Sieradzu Filia w Podd\u0119bicach zaprasza na wystaw\u0119 prac uczni\u00f3w Pa\u0144stwowego Liceum Sztuk Plastycznych im. K. Kobro w Zdu\u0144skiej Woli pt. \u201eWIDZENIE. Portret &#8230;<\/p>\n","protected":false},"author":1,"featured_media":3143,"comment_status":"closed","ping_status":"open","sticky":false,"template":"","format":"standard","meta":{"om_disable_all_campaigns":false,"_monsterinsights_skip_tracking":false,"ngg_post_thumbnail":496,"footnotes":""},"categories":[3],"tags":[],"class_list":["post-3137","post","type-post","status-publish","format-standard","has-post-thumbnail","hentry","category-aktualnosci"],"aioseo_notices":[],"rttpg_featured_image_url":{"full":["https:\/\/filiapoddebice.bpsieradz.pl\/wp-content\/uploads\/2026\/07\/nggallery_import\/PLAKAT-WYSTAWA-W-BIBLIOTECE-PEDAG-W-PODDEBICACH-mniejszy-plik.jpg",857,1200,false],"landscape":["https:\/\/filiapoddebice.bpsieradz.pl\/wp-content\/uploads\/2026\/07\/nggallery_import\/PLAKAT-WYSTAWA-W-BIBLIOTECE-PEDAG-W-PODDEBICACH-mniejszy-plik.jpg",857,1200,false],"portraits":["https:\/\/filiapoddebice.bpsieradz.pl\/wp-content\/uploads\/2026\/07\/nggallery_import\/PLAKAT-WYSTAWA-W-BIBLIOTECE-PEDAG-W-PODDEBICACH-mniejszy-plik.jpg",857,1200,false],"thumbnail":["https:\/\/filiapoddebice.bpsieradz.pl\/wp-content\/uploads\/2026\/07\/nggallery_import\/PLAKAT-WYSTAWA-W-BIBLIOTECE-PEDAG-W-PODDEBICACH-mniejszy-plik-150x150.jpg",150,150,true],"medium":["https:\/\/filiapoddebice.bpsieradz.pl\/wp-content\/uploads\/2026\/07\/nggallery_import\/PLAKAT-WYSTAWA-W-BIBLIOTECE-PEDAG-W-PODDEBICACH-mniejszy-plik-214x300.jpg",214,300,true],"large":["https:\/\/filiapoddebice.bpsieradz.pl\/wp-content\/uploads\/2026\/07\/nggallery_import\/PLAKAT-WYSTAWA-W-BIBLIOTECE-PEDAG-W-PODDEBICACH-mniejszy-plik-731x1024.jpg",731,1024,true],"1536x1536":["https:\/\/filiapoddebice.bpsieradz.pl\/wp-content\/uploads\/2026\/07\/nggallery_import\/PLAKAT-WYSTAWA-W-BIBLIOTECE-PEDAG-W-PODDEBICACH-mniejszy-plik.jpg",857,1200,false],"2048x2048":["https:\/\/filiapoddebice.bpsieradz.pl\/wp-content\/uploads\/2026\/07\/nggallery_import\/PLAKAT-WYSTAWA-W-BIBLIOTECE-PEDAG-W-PODDEBICACH-mniejszy-plik.jpg",857,1200,false],"onepress-blog-small":["https:\/\/filiapoddebice.bpsieradz.pl\/wp-content\/uploads\/2026\/07\/nggallery_import\/PLAKAT-WYSTAWA-W-BIBLIOTECE-PEDAG-W-PODDEBICACH-mniejszy-plik-300x150.jpg",300,150,true],"onepress-small":["https:\/\/filiapoddebice.bpsieradz.pl\/wp-content\/uploads\/2026\/07\/nggallery_import\/PLAKAT-WYSTAWA-W-BIBLIOTECE-PEDAG-W-PODDEBICACH-mniejszy-plik-480x300.jpg",480,300,true],"onepress-medium":["https:\/\/filiapoddebice.bpsieradz.pl\/wp-content\/uploads\/2026\/07\/nggallery_import\/PLAKAT-WYSTAWA-W-BIBLIOTECE-PEDAG-W-PODDEBICACH-mniejszy-plik-640x400.jpg",640,400,true]},"rttpg_author":{"display_name":"admin","author_link":"https:\/\/filiapoddebice.bpsieradz.pl\/index.php\/author\/admin\/"},"rttpg_comment":0,"rttpg_category":"<a href=\"https:\/\/filiapoddebice.bpsieradz.pl\/index.php\/category\/aktualnosci\/\" rel=\"category tag\">Aktualno\u015bci<\/a>","rttpg_excerpt":"Centrum Rozwoju Edukacji Wojew\u00f3dztwa \u0141\u00f3dzkiego Biblioteka Pedagogiczna w Sieradzu Filia w Podd\u0119bicach zaprasza na wystaw\u0119 prac uczni\u00f3w Pa\u0144stwowego Liceum Sztuk Plastycznych im. K. Kobro w Zdu\u0144skiej Woli pt. \u201eWIDZENIE. Portret ...","_links":{"self":[{"href":"https:\/\/filiapoddebice.bpsieradz.pl\/index.php\/wp-json\/wp\/v2\/posts\/3137","targetHints":{"allow":["GET"]}}],"collection":[{"href":"https:\/\/filiapoddebice.bpsieradz.pl\/index.php\/wp-json\/wp\/v2\/posts"}],"about":[{"href":"https:\/\/filiapoddebice.bpsieradz.pl\/index.php\/wp-json\/wp\/v2\/types\/post"}],"author":[{"embeddable":true,"href":"https:\/\/filiapoddebice.bpsieradz.pl\/index.php\/wp-json\/wp\/v2\/users\/1"}],"replies":[{"embeddable":true,"href":"https:\/\/filiapoddebice.bpsieradz.pl\/index.php\/wp-json\/wp\/v2\/comments?post=3137"}],"version-history":[{"count":2,"href":"https:\/\/filiapoddebice.bpsieradz.pl\/index.php\/wp-json\/wp\/v2\/posts\/3137\/revisions"}],"predecessor-version":[{"id":3145,"href":"https:\/\/filiapoddebice.bpsieradz.pl\/index.php\/wp-json\/wp\/v2\/posts\/3137\/revisions\/3145"}],"wp:featuredmedia":[{"embeddable":true,"href":"https:\/\/filiapoddebice.bpsieradz.pl\/index.php\/wp-json\/wp\/v2\/media\/3143"}],"wp:attachment":[{"href":"https:\/\/filiapoddebice.bpsieradz.pl\/index.php\/wp-json\/wp\/v2\/media?parent=3137"}],"wp:term":[{"taxonomy":"category","embeddable":true,"href":"https:\/\/filiapoddebice.bpsieradz.pl\/index.php\/wp-json\/wp\/v2\/categories?post=3137"},{"taxonomy":"post_tag","embeddable":true,"href":"https:\/\/filiapoddebice.bpsieradz.pl\/index.php\/wp-json\/wp\/v2\/tags?post=3137"}],"curies":[{"name":"wp","href":"https:\/\/api.w.org\/{rel}","templated":true}]}}